{"id":196,"date":"2020-03-12T12:41:46","date_gmt":"2020-03-12T11:41:46","guid":{"rendered":"http:\/\/iunneabogados.com\/?p=196"},"modified":"2024-04-26T12:27:58","modified_gmt":"2024-04-26T11:27:58","slug":"el-trabajo-en-tiempos-del-corona-virus","status":"publish","type":"post","link":"https:\/\/iunneabogados.com\/index.php\/el-trabajo-en-tiempos-del-corona-virus\/","title":{"rendered":"El Trabajo en tiempos del Corona Virus"},"content":{"rendered":"\n<h4 class=\"wp-block-heading\">Padres que trabajan y cierre de los colegios.<\/h4>\n\n\n\n<p>Lo primero que nos viene a la cabeza es \u00bfPuedo quedarme en casa con mis hijos menores aunque mi trabajo requiera mi presencia?<\/p>\n\n\n\n<p>La respuesta no es del todo clara si atendemos a la legislaci\u00f3nn laboral y la intentamos adaptar a esta situaci\u00f3n sin precedentes, una pandemia a juicio de la OMS, siendo Madrid un foco de transmisi\u00f3n de riesgo.<\/p>\n\n\n\n<p>El Gobierno de la Comunidad de Madrid aconseja a las empresas que se realice teletrabajo y se facilite flexibilidad horaria para la conciliaci\u00f3n familiar, priorizando la salud p\u00fablica al beneficio empresarial.<\/p>\n\n\n\n<p>El Estatuto de los Trabajadores contiene algunos art\u00ed\u00adculos que podr\u00e1n aplicarse tras la obligaci\u00f3n de cierre de colegios procurando el aislamiento de los menores, y la necesidad de los padres de cuidar a los mismos.<\/p>\n\n\n\n<p>El art\u00ed\u00adculo 13 del Estatuto de los Trabajadores establece que ser\u00e1 la empresa la que facilite los medios para que se haga trabajo a distancia por parte de sus trabajadores.<\/p>\n\n\n\n<p>El art\u00ed\u00adculo 37.3 del Estatuto de los Trabajadores nos habla del permiso retribuido para el cumplimiento de un deber inexcusable de car\u00e1cter p\u00fablico y personal, pero no es del todo cierto, en cuanto que dicho deber se establecer\u00e1 respecto de los menores.<\/p>\n\n\n\n<p>Por su parte el art\u00ed\u00adculo 34.8 del Estatuto de los Trabajadores, recientemente modificado, parece que se adec\u00faa m\u00e1s a la situaci\u00f3n en cuanto que permite solicitar reducci\u00f3n de jornada por un tiempo concreto o adaptar la hora de entrada y salida del trabajo a nuestras necesidades.<\/p>\n\n\n\n<p>Si no hay posibilidad de obtener las medidas flexibilizadoras la Ley tambi\u00e9n contempla los permisos no retribuidos y las excedencias, aunque en estos casos el trabajador pierde su derecho a salario.<\/p>\n\n\n\n<h4 class=\"wp-block-heading\">Tengo Corona virus \u00bfC\u00f3mo queda mi sueldo?<\/h4>\n\n\n\n<p>Una de las medidas laborales adoptadas por exigencia del Corona virus es la consideraci\u00f3n de dicho virus como accidente laboral.<\/p>\n\n\n\n<p>Esto que puede parecer indiferente es muy importante en t\u00e9rminos de prestaci\u00f3n ya que no es lo mismo una incapacidad temporal por enfermedad com\u00fan que por contingencia laboral.<\/p>\n\n\n\n<p>Mientras que en el primer caso, en la mayor\u00ed\u00ada de los casos, el trabajador cobra un porcentaje de su sueldo que disminuye a medida que pasan los d\u00edas y no desde el principio, en el segundo, tiene derecho a recibir el 75% de la base de cotizaci\u00f3n desde el primer d\u00ed\u00ada de baja, o incluso al sueldo \u00edntegro seg\u00fan convenio colectivo.<\/p>\n\n\n\n<p>Es una medida para trabajadores por cuenta ajena, resta saber qu\u00e9 medidas econ\u00f3micas extraordinarias se van a adoptar para empresas y aut\u00f3nomos, afectados por el Corona virus, no s\u00f3lo por infecci\u00f3n, sino como consecuencia del aislamiento.<\/p>\n\n\n\n<p>Eva Rodr\u00ed\u00adguez Quejido<br>Abogada y socia de iunne abogados<\/p>\n\n\n\n<p><\/p>\n","protected":false},"excerpt":{"rendered":"<p>Padres que trabajan y cierre de los colegios. Lo primero que nos viene a la cabeza es \u00bfPuedo quedarme en casa con mis hijos menores aunque mi trabajo requiera mi presencia? La respuesta no es del todo clara si atendemos a la legislaci\u00f3nn laboral y la intentamos adaptar a esta situaci\u00f3n sin precedentes, una pandemia &hellip; <\/p>\n<p class=\"link-more\"><a href=\"https:\/\/iunneabogados.com\/index.php\/el-trabajo-en-tiempos-del-corona-virus\/\" class=\"more-link\">Continuar leyendo<span class=\"screen-reader-text\"> \u00abEl Trabajo en tiempos del Corona Virus\u00bb<\/span><\/a><\/p>\n","protected":false},"author":1,"featured_media":0,"comment_status":"closed","ping_status":"open","sticky":false,"template":"","format":"standard","meta":{"footnotes":""},"categories":[1],"tags":[],"class_list":["post-196","post","type-post","status-publish","format-standard","hentry","category-uncategorized"],"yoast_head":"<!-- This site is optimized with the Yoast SEO plugin v22.5 - https:\/\/yoast.com\/wordpress\/plugins\/seo\/ -->\n<title>El Trabajo en tiempos del Corona Virus - iunne<\/title>\n<meta name=\"description\" content=\"Se trata de una situaci\u00c3\u00b3n sin precedentes que afecta tanto a trabajadores como a aut\u00c3\u00b3nomos y empresarios.\" \/>\n<meta name=\"robots\" content=\"index, follow, max-snippet:-1, max-image-preview:large, max-video-preview:-1\" \/>\n<link rel=\"canonical\" href=\"https:\/\/iunneabogados.com\/index.php\/el-trabajo-en-tiempos-del-corona-virus\/\" \/>\n<meta property=\"og:locale\" content=\"es_ES\" \/>\n<meta property=\"og:type\" content=\"article\" \/>\n<meta property=\"og:title\" content=\"El Trabajo en tiempos del Corona Virus - iunne\" \/>\n<meta property=\"og:description\" content=\"Se trata de una situaci\u00c3\u00b3n sin precedentes que afecta tanto a trabajadores como a aut\u00c3\u00b3nomos y empresarios.\" \/>\n<meta property=\"og:url\" content=\"https:\/\/iunneabogados.com\/index.php\/el-trabajo-en-tiempos-del-corona-virus\/\" \/>\n<meta property=\"og:site_name\" content=\"iunne\" \/>\n<meta property=\"article:publisher\" content=\"https:\/\/www.facebook.com\/iunneabogados\/\" \/>\n<meta property=\"article:published_time\" content=\"2020-03-12T11:41:46+00:00\" \/>\n<meta property=\"article:modified_time\" content=\"2024-04-26T11:27:58+00:00\" \/>\n<meta name=\"author\" content=\"iunne\" \/>\n<meta name=\"twitter:card\" content=\"summary_large_image\" \/>\n<meta name=\"twitter:creator\" content=\"@AbogadosIunne\" \/>\n<meta name=\"twitter:site\" content=\"@AbogadosIunne\" \/>\n<meta name=\"twitter:label1\" content=\"Escrito por\" \/>\n\t<meta name=\"twitter:data1\" content=\"iunne\" \/>\n\t<meta name=\"twitter:label2\" content=\"Tiempo de lectura\" \/>\n\t<meta name=\"twitter:data2\" content=\"3 minutos\" \/>\n<script type=\"application\/ld+json\" class=\"yoast-schema-graph\">{\"@context\":\"https:\/\/schema.org\",\"@graph\":[{\"@type\":\"Article\",\"@id\":\"https:\/\/iunneabogados.com\/index.php\/el-trabajo-en-tiempos-del-corona-virus\/#article\",\"isPartOf\":{\"@id\":\"https:\/\/iunneabogados.com\/index.php\/el-trabajo-en-tiempos-del-corona-virus\/\"},\"author\":{\"name\":\"iunne\",\"@id\":\"https:\/\/iunneabogados.com\/#\/schema\/person\/712585897e9a3c029ca36c5d82acf0e5\"},\"headline\":\"El Trabajo en tiempos del Corona Virus\",\"datePublished\":\"2020-03-12T11:41:46+00:00\",\"dateModified\":\"2024-04-26T11:27:58+00:00\",\"mainEntityOfPage\":{\"@id\":\"https:\/\/iunneabogados.com\/index.php\/el-trabajo-en-tiempos-del-corona-virus\/\"},\"wordCount\":479,\"publisher\":{\"@id\":\"https:\/\/iunneabogados.com\/#organization\"},\"articleSection\":[\"Uncategorized\"],\"inLanguage\":\"es\"},{\"@type\":\"WebPage\",\"@id\":\"https:\/\/iunneabogados.com\/index.php\/el-trabajo-en-tiempos-del-corona-virus\/\",\"url\":\"https:\/\/iunneabogados.com\/index.php\/el-trabajo-en-tiempos-del-corona-virus\/\",\"name\":\"El Trabajo en tiempos del Corona Virus - iunne\",\"isPartOf\":{\"@id\":\"https:\/\/iunneabogados.com\/#website\"},\"datePublished\":\"2020-03-12T11:41:46+00:00\",\"dateModified\":\"2024-04-26T11:27:58+00:00\",\"description\":\"Se trata de una situaci\u00c3\u00b3n sin precedentes que afecta tanto a trabajadores como a aut\u00c3\u00b3nomos y empresarios.\",\"breadcrumb\":{\"@id\":\"https:\/\/iunneabogados.com\/index.php\/el-trabajo-en-tiempos-del-corona-virus\/#breadcrumb\"},\"inLanguage\":\"es\",\"potentialAction\":[{\"@type\":\"ReadAction\",\"target\":[\"https:\/\/iunneabogados.com\/index.php\/el-trabajo-en-tiempos-del-corona-virus\/\"]}]},{\"@type\":\"BreadcrumbList\",\"@id\":\"https:\/\/iunneabogados.com\/index.php\/el-trabajo-en-tiempos-del-corona-virus\/#breadcrumb\",\"itemListElement\":[{\"@type\":\"ListItem\",\"position\":1,\"name\":\"Portada\",\"item\":\"https:\/\/iunneabogados.com\/\"},{\"@type\":\"ListItem\",\"position\":2,\"name\":\"El Trabajo en tiempos del Corona Virus\"}]},{\"@type\":\"WebSite\",\"@id\":\"https:\/\/iunneabogados.com\/#website\",\"url\":\"https:\/\/iunneabogados.com\/\",\"name\":\"iunne\",\"description\":\"TRANQUILIDAD JUR\u00cdDICA\",\"publisher\":{\"@id\":\"https:\/\/iunneabogados.com\/#organization\"},\"potentialAction\":[{\"@type\":\"SearchAction\",\"target\":{\"@type\":\"EntryPoint\",\"urlTemplate\":\"https:\/\/iunneabogados.com\/?s={search_term_string}\"},\"query-input\":\"required name=search_term_string\"}],\"inLanguage\":\"es\"},{\"@type\":\"Organization\",\"@id\":\"https:\/\/iunneabogados.com\/#organization\",\"name\":\"iunne\",\"url\":\"https:\/\/iunneabogados.com\/\",\"logo\":{\"@type\":\"ImageObject\",\"inLanguage\":\"es\",\"@id\":\"https:\/\/iunneabogados.com\/#\/schema\/logo\/image\/\",\"url\":\"https:\/\/iunneabogados.com\/wp-content\/uploads\/2019\/12\/logo_iunne.png\",\"contentUrl\":\"https:\/\/iunneabogados.com\/wp-content\/uploads\/2019\/12\/logo_iunne.png\",\"width\":118,\"height\":119,\"caption\":\"iunne\"},\"image\":{\"@id\":\"https:\/\/iunneabogados.com\/#\/schema\/logo\/image\/\"},\"sameAs\":[\"https:\/\/www.facebook.com\/iunneabogados\/\",\"https:\/\/x.com\/AbogadosIunne\",\"https:\/\/www.instagram.com\/iunneabogados\/\",\"https:\/\/www.linkedin.com\/company\/iunne-abogados\/about\/\"]},{\"@type\":\"Person\",\"@id\":\"https:\/\/iunneabogados.com\/#\/schema\/person\/712585897e9a3c029ca36c5d82acf0e5\",\"name\":\"iunne\",\"image\":{\"@type\":\"ImageObject\",\"inLanguage\":\"es\",\"@id\":\"https:\/\/iunneabogados.com\/#\/schema\/person\/image\/\",\"url\":\"https:\/\/secure.gravatar.com\/avatar\/5c1a83df43af2662bd6494e132b769127dbf0c6954179781739f5d8f23a73d58?s=96&d=mm&r=g\",\"contentUrl\":\"https:\/\/secure.gravatar.com\/avatar\/5c1a83df43af2662bd6494e132b769127dbf0c6954179781739f5d8f23a73d58?s=96&d=mm&r=g\",\"caption\":\"iunne\"},\"url\":\"https:\/\/iunneabogados.com\/index.php\/author\/iunne\/\"}]}<\/script>\n<!-- \/ Yoast SEO plugin. -->","yoast_head_json":{"title":"El Trabajo en tiempos del Corona Virus - iunne","description":"Se trata de una situaci\u00c3\u00b3n sin precedentes que afecta tanto a trabajadores como a aut\u00c3\u00b3nomos y empresarios.","robots":{"index":"index","follow":"follow","max-snippet":"max-snippet:-1","max-image-preview":"max-image-preview:large","max-video-preview":"max-video-preview:-1"},"canonical":"https:\/\/iunneabogados.com\/index.php\/el-trabajo-en-tiempos-del-corona-virus\/","og_locale":"es_ES","og_type":"article","og_title":"El Trabajo en tiempos del Corona Virus - iunne","og_description":"Se trata de una situaci\u00c3\u00b3n sin precedentes que afecta tanto a trabajadores como a aut\u00c3\u00b3nomos y empresarios.","og_url":"https:\/\/iunneabogados.com\/index.php\/el-trabajo-en-tiempos-del-corona-virus\/","og_site_name":"iunne","article_publisher":"https:\/\/www.facebook.com\/iunneabogados\/","article_published_time":"2020-03-12T11:41:46+00:00","article_modified_time":"2024-04-26T11:27:58+00:00","author":"iunne","twitter_card":"summary_large_image","twitter_creator":"@AbogadosIunne","twitter_site":"@AbogadosIunne","twitter_misc":{"Escrito por":"iunne","Tiempo de lectura":"3 minutos"},"schema":{"@context":"https:\/\/schema.org","@graph":[{"@type":"Article","@id":"https:\/\/iunneabogados.com\/index.php\/el-trabajo-en-tiempos-del-corona-virus\/#article","isPartOf":{"@id":"https:\/\/iunneabogados.com\/index.php\/el-trabajo-en-tiempos-del-corona-virus\/"},"author":{"name":"iunne","@id":"https:\/\/iunneabogados.com\/#\/schema\/person\/712585897e9a3c029ca36c5d82acf0e5"},"headline":"El Trabajo en tiempos del Corona Virus","datePublished":"2020-03-12T11:41:46+00:00","dateModified":"2024-04-26T11:27:58+00:00","mainEntityOfPage":{"@id":"https:\/\/iunneabogados.com\/index.php\/el-trabajo-en-tiempos-del-corona-virus\/"},"wordCount":479,"publisher":{"@id":"https:\/\/iunneabogados.com\/#organization"},"articleSection":["Uncategorized"],"inLanguage":"es"},{"@type":"WebPage","@id":"https:\/\/iunneabogados.com\/index.php\/el-trabajo-en-tiempos-del-corona-virus\/","url":"https:\/\/iunneabogados.com\/index.php\/el-trabajo-en-tiempos-del-corona-virus\/","name":"El Trabajo en tiempos del Corona Virus - iunne","isPartOf":{"@id":"https:\/\/iunneabogados.com\/#website"},"datePublished":"2020-03-12T11:41:46+00:00","dateModified":"2024-04-26T11:27:58+00:00","description":"Se trata de una situaci\u00c3\u00b3n sin precedentes que afecta tanto a trabajadores como a aut\u00c3\u00b3nomos y empresarios.","breadcrumb":{"@id":"https:\/\/iunneabogados.com\/index.php\/el-trabajo-en-tiempos-del-corona-virus\/#breadcrumb"},"inLanguage":"es","potentialAction":[{"@type":"ReadAction","target":["https:\/\/iunneabogados.com\/index.php\/el-trabajo-en-tiempos-del-corona-virus\/"]}]},{"@type":"BreadcrumbList","@id":"https:\/\/iunneabogados.com\/index.php\/el-trabajo-en-tiempos-del-corona-virus\/#breadcrumb","itemListElement":[{"@type":"ListItem","position":1,"name":"Portada","item":"https:\/\/iunneabogados.com\/"},{"@type":"ListItem","position":2,"name":"El Trabajo en tiempos del Corona Virus"}]},{"@type":"WebSite","@id":"https:\/\/iunneabogados.com\/#website","url":"https:\/\/iunneabogados.com\/","name":"iunne","description":"TRANQUILIDAD JUR\u00cdDICA","publisher":{"@id":"https:\/\/iunneabogados.com\/#organization"},"potentialAction":[{"@type":"SearchAction","target":{"@type":"EntryPoint","urlTemplate":"https:\/\/iunneabogados.com\/?s={search_term_string}"},"query-input":"required name=search_term_string"}],"inLanguage":"es"},{"@type":"Organization","@id":"https:\/\/iunneabogados.com\/#organization","name":"iunne","url":"https:\/\/iunneabogados.com\/","logo":{"@type":"ImageObject","inLanguage":"es","@id":"https:\/\/iunneabogados.com\/#\/schema\/logo\/image\/","url":"https:\/\/iunneabogados.com\/wp-content\/uploads\/2019\/12\/logo_iunne.png","contentUrl":"https:\/\/iunneabogados.com\/wp-content\/uploads\/2019\/12\/logo_iunne.png","width":118,"height":119,"caption":"iunne"},"image":{"@id":"https:\/\/iunneabogados.com\/#\/schema\/logo\/image\/"},"sameAs":["https:\/\/www.facebook.com\/iunneabogados\/","https:\/\/x.com\/AbogadosIunne","https:\/\/www.instagram.com\/iunneabogados\/","https:\/\/www.linkedin.com\/company\/iunne-abogados\/about\/"]},{"@type":"Person","@id":"https:\/\/iunneabogados.com\/#\/schema\/person\/712585897e9a3c029ca36c5d82acf0e5","name":"iunne","image":{"@type":"ImageObject","inLanguage":"es","@id":"https:\/\/iunneabogados.com\/#\/schema\/person\/image\/","url":"https:\/\/secure.gravatar.com\/avatar\/5c1a83df43af2662bd6494e132b769127dbf0c6954179781739f5d8f23a73d58?s=96&d=mm&r=g","contentUrl":"https:\/\/secure.gravatar.com\/avatar\/5c1a83df43af2662bd6494e132b769127dbf0c6954179781739f5d8f23a73d58?s=96&d=mm&r=g","caption":"iunne"},"url":"https:\/\/iunneabogados.com\/index.php\/author\/iunne\/"}]}},"_links":{"self":[{"href":"https:\/\/iunneabogados.com\/index.php\/wp-json\/wp\/v2\/posts\/196","targetHints":{"allow":["GET"]}}],"collection":[{"href":"https:\/\/iunneabogados.com\/index.php\/wp-json\/wp\/v2\/posts"}],"about":[{"href":"https:\/\/iunneabogados.com\/index.php\/wp-json\/wp\/v2\/types\/post"}],"author":[{"embeddable":true,"href":"https:\/\/iunneabogados.com\/index.php\/wp-json\/wp\/v2\/users\/1"}],"replies":[{"embeddable":true,"href":"https:\/\/iunneabogados.com\/index.php\/wp-json\/wp\/v2\/comments?post=196"}],"version-history":[{"count":4,"href":"https:\/\/iunneabogados.com\/index.php\/wp-json\/wp\/v2\/posts\/196\/revisions"}],"predecessor-version":[{"id":440,"href":"https:\/\/iunneabogados.com\/index.php\/wp-json\/wp\/v2\/posts\/196\/revisions\/440"}],"wp:attachment":[{"href":"https:\/\/iunneabogados.com\/index.php\/wp-json\/wp\/v2\/media?parent=196"}],"wp:term":[{"taxonomy":"category","embeddable":true,"href":"https:\/\/iunneabogados.com\/index.php\/wp-json\/wp\/v2\/categories?post=196"},{"taxonomy":"post_tag","embeddable":true,"href":"https:\/\/iunneabogados.com\/index.php\/wp-json\/wp\/v2\/tags?post=196"}],"curies":[{"name":"wp","href":"https:\/\/api.w.org\/{rel}","templated":true}]}}